{"id":1490,"date":"2020-05-06T13:16:17","date_gmt":"2020-05-06T11:16:17","guid":{"rendered":"https:\/\/www.monteabellon.com\/las-puntuaciones-en-la-guia-penin-2020-nos-llevan-al-xx-salon-de-los-mejores-vinos-de-espana\/"},"modified":"2020-05-06T15:10:12","modified_gmt":"2020-05-06T13:10:12","slug":"las-puntuaciones-en-la-guia-penin-2020-nos-llevan-al-xx-salon-de-los-mejores-vinos-de-espana","status":"publish","type":"post","link":"https:\/\/www.monteabellon.com\/en\/las-puntuaciones-en-la-guia-penin-2020-nos-llevan-al-xx-salon-de-los-mejores-vinos-de-espana\/","title":{"rendered":"Las puntuaciones en la Gu\u00eda Pe\u00f1\u00edn 2020 nos llevan al XX Sal\u00f3n de los Mejores Vinos de Espa\u00f1a"},"content":{"rendered":"[vc_row type=&#8221;in_container&#8221; full_screen_row_position=&#8221;middle&#8221; scene_position=&#8221;center&#8221; text_color=&#8221;dark&#8221; text_align=&#8221;left&#8221; overlay_strength=&#8221;0.3&#8243; shape_divider_position=&#8221;bottom&#8221; bg_image_animation=&#8221;none&#8221;][vc_column column_padding=&#8221;no-extra-padding&#8221; column_padding_position=&#8221;all&#8221; background_color_opacity=&#8221;1&#8243; background_hover_color_opacity=&#8221;1&#8243; column_link_target=&#8221;_self&#8221; column_shadow=&#8221;none&#8221; column_border_radius=&#8221;none&#8221; width=&#8221;1\/1&#8243; tablet_width_inherit=&#8221;default&#8221; tablet_text_alignment=&#8221;default&#8221; phone_text_alignment=&#8221;default&#8221; column_border_width=&#8221;none&#8221; column_border_style=&#8221;solid&#8221; bg_image_animation=&#8221;none&#8221;][vc_column_text el_class=&#8221;texto_destacado&#8221;]Los d\u00edas 28 y 29 de octubre, Gu\u00eda Pe\u00f1\u00edn celebra el XX Sal\u00f3n de los Mejores Vinos de Espa\u00f1a, el mayor encuentro de vino espa\u00f1ol de calidad organizado hasta la fecha y el evento clave del sector.[\/vc_column_text][vc_column_text]Bodegas Monteabell\u00f3n acudir\u00e1 a esta cita con aquellos vinos que sobrepasaron los 90 puntos en la publicaci\u00f3n de la Gu\u00eda Pe\u00f1in 2020. Las tres Denominaciones de Origen donde elabora estar\u00e1n presentes; Monteabell\u00f3n 14 meses Crianza, Finca Matambres y Finca la Blanquera de D.O. Ribera del Duero, ATHUS Crianza de D.O. Ca. Rioja y Monteabell\u00f3n Verdejo de D.O. Rueda.<\/p>\n<p>Una cita que tendr\u00e1 lugar en Madrid IFEMA y donde\u00a0se dar\u00e1n cita los Mejores Vinos de Espa\u00f1a a lo largo de dos jornadas, Lunes 28 de Octubre de 12:00 h a 20:00 h y Martes 29 de 11:00 h a 15:00 h.<\/p>\n<p>Desde la organizaci\u00f3n nos han facilitado una serie de invitaciones para profesionales que ponemos a su entera disposici\u00f3n. Pueden solicitarlas en el correo <a href=\"mailto:comunicacion@monteabellon.com\">comunicacion@monteabellon.com<\/a>.<\/p>\n<p>Les esperamos[\/vc_column_text][\/vc_column][\/vc_row]\n","protected":false},"excerpt":{"rendered":"<p>[vc_row type=&#8221;in_container&#8221; full_screen_row_position=&#8221;middle&#8221; scene_position=&#8221;center&#8221; text_color=&#8221;dark&#8221; text_align=&#8221;left&#8221; overlay_strength=&#8221;0.3&#8243; shape_divider_position=&#8221;bottom&#8221; bg_image_animation=&#8221;none&#8221;][vc_column column_padding=&#8221;no-extra-padding&#8221; column_padding_position=&#8221;all&#8221; background_color_opacity=&#8221;1&#8243; background_hover_color_opacity=&#8221;1&#8243; column_link_target=&#8221;_self&#8221; column_shadow=&#8221;none&#8221; column_border_radius=&#8221;none&#8221; width=&#8221;1\/1&#8243; tablet_width_inherit=&#8221;default&#8221; tablet_text_alignment=&#8221;default&#8221; phone_text_alignment=&#8221;default&#8221; column_border_width=&#8221;none&#8221; column_border_style=&#8221;solid&#8221; bg_image_animation=&#8221;none&#8221;][vc_column_text el_class=&#8221;texto_destacado&#8221;]Los d\u00edas 28 y 29 de octubre,&#8230;<\/p>\n","protected":false},"author":331,"featured_media":1717,"comment_status":"open","ping_status":"open","sticky":false,"template":"","format":"standard","meta":{"footnotes":""},"categories":[49],"tags":[],"class_list":{"0":"post-1490","1":"post","2":"type-post","3":"status-publish","4":"format-standard","5":"has-post-thumbnail","7":"category-noticia-en"},"_links":{"self":[{"href":"https:\/\/www.monteabellon.com\/en\/wp-json\/wp\/v2\/posts\/1490","targetHints":{"allow":["GET"]}}],"collection":[{"href":"https:\/\/www.monteabellon.com\/en\/wp-json\/wp\/v2\/posts"}],"about":[{"href":"https:\/\/www.monteabellon.com\/en\/wp-json\/wp\/v2\/types\/post"}],"author":[{"embeddable":true,"href":"https:\/\/www.monteabellon.com\/en\/wp-json\/wp\/v2\/users\/331"}],"replies":[{"embeddable":true,"href":"https:\/\/www.monteabellon.com\/en\/wp-json\/wp\/v2\/comments?post=1490"}],"version-history":[{"count":1,"href":"https:\/\/www.monteabellon.com\/en\/wp-json\/wp\/v2\/posts\/1490\/revisions"}],"predecessor-version":[{"id":1491,"href":"https:\/\/www.monteabellon.com\/en\/wp-json\/wp\/v2\/posts\/1490\/revisions\/1491"}],"wp:featuredmedia":[{"embeddable":true,"href":"https:\/\/www.monteabellon.com\/en\/wp-json\/wp\/v2\/media\/1717"}],"wp:attachment":[{"href":"https:\/\/www.monteabellon.com\/en\/wp-json\/wp\/v2\/media?parent=1490"}],"wp:term":[{"taxonomy":"category","embeddable":true,"href":"https:\/\/www.monteabellon.com\/en\/wp-json\/wp\/v2\/categories?post=1490"},{"taxonomy":"post_tag","embeddable":true,"href":"https:\/\/www.monteabellon.com\/en\/wp-json\/wp\/v2\/tags?post=1490"}],"curies":[{"name":"wp","href":"https:\/\/api.w.org\/{rel}","templated":true}]}}