{"id":1494,"date":"2020-05-06T13:16:37","date_gmt":"2020-05-06T11:16:37","guid":{"rendered":"https:\/\/www.monteabellon.com\/finca-matambres-2015-y-finca-la-blanquera-2015-de-monteabellon-entre-los-top-100-de-tim-atkin\/"},"modified":"2020-05-06T15:09:54","modified_gmt":"2020-05-06T13:09:54","slug":"finca-matambres-2015-y-finca-la-blanquera-2015-de-monteabellon-entre-los-top-100-de-tim-atkin","status":"publish","type":"post","link":"https:\/\/www.monteabellon.com\/en\/finca-matambres-2015-y-finca-la-blanquera-2015-de-monteabellon-entre-los-top-100-de-tim-atkin\/","title":{"rendered":"FINCA MATAMBRES 2015 Y FINCA LA BLANQUERA 2015 DE MONTEABELL\u00d3N, ENTRE LOS TOP 100 DE TIM ATKIN"},"content":{"rendered":"[vc_row type=&#8221;in_container&#8221; full_screen_row_position=&#8221;middle&#8221; scene_position=&#8221;center&#8221; text_color=&#8221;dark&#8221; text_align=&#8221;left&#8221; overlay_strength=&#8221;0.3&#8243; shape_divider_position=&#8221;bottom&#8221; bg_image_animation=&#8221;none&#8221;][vc_column column_padding=&#8221;no-extra-padding&#8221; column_padding_position=&#8221;all&#8221; background_color_opacity=&#8221;1&#8243; background_hover_color_opacity=&#8221;1&#8243; column_link_target=&#8221;_self&#8221; column_shadow=&#8221;none&#8221; column_border_radius=&#8221;none&#8221; width=&#8221;1\/1&#8243; tablet_width_inherit=&#8221;default&#8221; tablet_text_alignment=&#8221;default&#8221; phone_text_alignment=&#8221;default&#8221; column_border_width=&#8221;none&#8221; column_border_style=&#8221;solid&#8221; bg_image_animation=&#8221;none&#8221;][vc_column_text el_class=&#8221;texto_destacado&#8221;]El Master of Wine brit\u00e1nico Tim Atkin en su visita a Ribera del Duero seleccionaba dos de los vinos de Bodegas Monteabell\u00f3n como sus favoritos Top 100 con 93 y 94 puntos.[\/vc_column_text][vc_column_text]El galardonado periodista de vino,\u00a0comentarista y juez de varios concursos internacionales, ha visitado un a\u00f1o m\u00e1s la Ribera del Duero para conocer las \u00faltimas novedades y a\u00f1adas, seleccionando as\u00ed los mejores vinos de la zona, que mostrar\u00e1 en diversas clases magistrales y catas a profesionales que se desarrollar\u00e1n\u00a0en Inglaterra el pr\u00f3ximo mes de Octubre.<\/p>\n<p>Londres (8 de Octubre), Manchester (14 de Octubre) y Edimburgo (30 de Octubre) son las localizaciones elegidas en esta ocasi\u00f3n para dar a conocer a m\u00e1s de 200 profesionales del mundo del vino los mejores vinos de la D.O. Ribera del Duero, entre los cuales se han colado en el ranking dos de los grandes vinos de Bodegas Monteabell\u00f3n, Finca Matambres con 93 puntos y Finca La Blanquera con 94 puntos.[\/vc_column_text][\/vc_column][\/vc_row]\n","protected":false},"excerpt":{"rendered":"<p>[vc_row type=&#8221;in_container&#8221; full_screen_row_position=&#8221;middle&#8221; scene_position=&#8221;center&#8221; text_color=&#8221;dark&#8221; text_align=&#8221;left&#8221; overlay_strength=&#8221;0.3&#8243; shape_divider_position=&#8221;bottom&#8221; bg_image_animation=&#8221;none&#8221;][vc_column column_padding=&#8221;no-extra-padding&#8221; column_padding_position=&#8221;all&#8221; background_color_opacity=&#8221;1&#8243; background_hover_color_opacity=&#8221;1&#8243; column_link_target=&#8221;_self&#8221; column_shadow=&#8221;none&#8221; column_border_radius=&#8221;none&#8221; width=&#8221;1\/1&#8243; tablet_width_inherit=&#8221;default&#8221; tablet_text_alignment=&#8221;default&#8221; phone_text_alignment=&#8221;default&#8221; column_border_width=&#8221;none&#8221; column_border_style=&#8221;solid&#8221; bg_image_animation=&#8221;none&#8221;][vc_column_text el_class=&#8221;texto_destacado&#8221;]El Master of Wine brit\u00e1nico Tim Atkin&#8230;<\/p>\n","protected":false},"author":331,"featured_media":1722,"comment_status":"open","ping_status":"open","sticky":false,"template":"","format":"standard","meta":{"footnotes":""},"categories":[50],"tags":[],"class_list":{"0":"post-1494","1":"post","2":"type-post","3":"status-publish","4":"format-standard","5":"has-post-thumbnail","7":"category-premio-en"},"_links":{"self":[{"href":"https:\/\/www.monteabellon.com\/en\/wp-json\/wp\/v2\/posts\/1494","targetHints":{"allow":["GET"]}}],"collection":[{"href":"https:\/\/www.monteabellon.com\/en\/wp-json\/wp\/v2\/posts"}],"about":[{"href":"https:\/\/www.monteabellon.com\/en\/wp-json\/wp\/v2\/types\/post"}],"author":[{"embeddable":true,"href":"https:\/\/www.monteabellon.com\/en\/wp-json\/wp\/v2\/users\/331"}],"replies":[{"embeddable":true,"href":"https:\/\/www.monteabellon.com\/en\/wp-json\/wp\/v2\/comments?post=1494"}],"version-history":[{"count":2,"href":"https:\/\/www.monteabellon.com\/en\/wp-json\/wp\/v2\/posts\/1494\/revisions"}],"predecessor-version":[{"id":1852,"href":"https:\/\/www.monteabellon.com\/en\/wp-json\/wp\/v2\/posts\/1494\/revisions\/1852"}],"wp:featuredmedia":[{"embeddable":true,"href":"https:\/\/www.monteabellon.com\/en\/wp-json\/wp\/v2\/media\/1722"}],"wp:attachment":[{"href":"https:\/\/www.monteabellon.com\/en\/wp-json\/wp\/v2\/media?parent=1494"}],"wp:term":[{"taxonomy":"category","embeddable":true,"href":"https:\/\/www.monteabellon.com\/en\/wp-json\/wp\/v2\/categories?post=1494"},{"taxonomy":"post_tag","embeddable":true,"href":"https:\/\/www.monteabellon.com\/en\/wp-json\/wp\/v2\/tags?post=1494"}],"curies":[{"name":"wp","href":"https:\/\/api.w.org\/{rel}","templated":true}]}}